{"id":9409,"date":"2026-01-27T11:17:16","date_gmt":"2026-01-27T10:17:16","guid":{"rendered":"https:\/\/www.vercors-resistance.fr\/?p=9409"},"modified":"2026-01-28T09:54:21","modified_gmt":"2026-01-28T08:54:21","slug":"rencontre-avec-maurice-bleicher","status":"publish","type":"post","link":"https:\/\/www.vercors-resistance.fr\/de\/rencontre-avec-maurice-bleicher\/","title":{"rendered":"Rencontre avec Maurice Bleicher"},"content":{"rendered":"\n<h4 class=\"wp-block-heading\">L&#8217;auteur de <em>Maquisards du Vercors, dictionnaire bibliographique<\/em> pr\u00e9sentera son livre le 29 janvier au mus\u00e9e de la r\u00e9sistance de Grenoble.<\/h4>\n\n\n\n<p>Une date \u00e0 retenir que celle du 29 janvier prochain. Maurice Bleicher, l\u2019auteur de <em>Maquisards du Vercors, dictionnaire bibliographique<\/em>, y pr\u00e9sentera son livre au mus\u00e9e de la r\u00e9sistance et de la d\u00e9portation de l\u2019Is\u00e8re.<\/p>\n\n\n\n<div class=\"wp-block-media-text is-stacked-on-mobile\"><figure class=\"wp-block-media-text__media\"><img loading=\"lazy\" decoding=\"async\" width=\"500\" height=\"750\" src=\"https:\/\/www.vercors-resistance.fr\/wp-content\/uploads\/2026\/01\/Livre.jpg\" alt=\"\" class=\"wp-image-9413 size-full\" srcset=\"https:\/\/www.vercors-resistance.fr\/wp-content\/uploads\/2026\/01\/Livre.jpg 500w, https:\/\/www.vercors-resistance.fr\/wp-content\/uploads\/2026\/01\/Livre-200x300.jpg 200w\" sizes=\"auto, (max-width: 500px) 100vw, 500px\" \/><\/figure><div class=\"wp-block-media-text__content\">\n<p>5800 notices et 2000 portraits rassembl\u00e9s dans un ouvrage sans pr\u00e9c\u00e9dent<\/p>\n\n\n\n<p><em>Maquisards du Vercors, dictionnaire bibliographique<\/em>, Presses universitaires de Grenoble, 1088 pages.<\/p>\n<\/div><\/div>\n\n\n\n<p>Pr\u00e8s de 5800 notices et 2000 portraits rassembl\u00e9s dans un ouvrage sans pr\u00e9c\u00e9dent ! Dix ann\u00e9es de travail \u2013 entre recherches dans des fonds d&#8217;archives et recueil de t\u00e9moignages \u2013 ont \u00e9t\u00e9 n\u00e9cessaires pour r\u00e9aliser cette \u0153uvre monumentale. Ce dictionnaire constitue d\u00e9sormais un outil de r\u00e9f\u00e9rence pour les historiens amateurs ou avertis, et un livre essentiel pour les familles. Il dresse un inventaire aussi complet que possible des personnes ayant appartenu au maquis du Vercors. Sans hi\u00e9rarchie, class\u00e9es de A \u00e0 Z, les biographies font \u00e9tat des parcours individuels : \u00e2ge, origines sociales et g\u00e9ographique, pseudonyme, profession, itin\u00e9raire personnel, exp\u00e9rience militaire\u2026 Au-del\u00e0 de l&#8217;aspect m\u00e9moriel, cet ensemble apporte une contribution nouvelle \u00e0 l&#8217;Histoire : il fait appara\u00eetre la dimension humaine de la R\u00e9sistance dans toute sa diversit\u00e9.<\/p>\n\n\n\n<p>Cette soir\u00e9e du 29 janvier vous invite au c\u0153ur du processus d&#8217;\u00e9criture et \u00e0 la d\u00e9couvertes de ces hommes et femmes du Maquis du Vercors.<\/p>\n\n\n\n<p>Pr\u00e9sident d\u00e9l\u00e9gu\u00e9 de l&#8217;Association nationale des Pionniers et combattants volontaires du maquis du Vercors, Maurice Bleicher travaille sur la politique m\u00e9morielle des conflits contemporains, et m\u00e8ne depuis plusieurs ann\u00e9es des recherches sur le maquis du Vercors.<\/p>\n\n\n\n<p class=\"has-small-font-size\"><strong>Jeudi 29 janvier 2026 \u00e0 18h30<br>MRDI, 14 rue H\u00e9bert, 38000 Grenoble.<br><em>Maquisards du Vercors, dictionnaire bibliographique<\/em>, Presses universitaires de Grenoble, 1088 pages.<\/strong><\/p>\n\n\n\n<p>Une autre rencontre avec l\u2019auteur est pr\u00e9vue le 14 f\u00e9vrier \u00e0 Limoges.<\/p>\n\n\n<div class=\"wp-block-image\">\n<figure class=\"aligncenter size-full\"><img loading=\"lazy\" decoding=\"async\" width=\"500\" height=\"707\" src=\"https:\/\/www.vercors-resistance.fr\/wp-content\/uploads\/2026\/01\/Limoges.jpg\" alt=\"\" class=\"wp-image-9410\" srcset=\"https:\/\/www.vercors-resistance.fr\/wp-content\/uploads\/2026\/01\/Limoges.jpg 500w, https:\/\/www.vercors-resistance.fr\/wp-content\/uploads\/2026\/01\/Limoges-212x300.jpg 212w\" sizes=\"auto, (max-width: 500px) 100vw, 500px\" \/><\/figure>\n<\/div>","protected":false},"excerpt":{"rendered":"<p>L&#8217;auteur de Maquisards du Vercors, dictionnaire bibliographique pr\u00e9sentera son livre le 29 janvier au mus\u00e9e de la r\u00e9sistance de Grenoble. Une date \u00e0 retenir que celle du 29 janvier prochain. Maurice Bleicher, l\u2019auteur de Maquisards du Vercors, dictionnaire bibliographique, y pr\u00e9sentera son livre au mus\u00e9e de la r\u00e9sistance et de la d\u00e9portation de l\u2019Is\u00e8re. 5800 (&#8230;) <a href=\"https:\/\/www.vercors-resistance.fr\/de\/rencontre-avec-maurice-bleicher\/\">Lire la suite<\/a><\/p>\n","protected":false},"author":2,"featured_media":9417,"comment_status":"open","ping_status":"open","sticky":false,"template":"","format":"standard","meta":{"_acf_changed":false,"_exactmetrics_skip_tracking":false,"_exactmetrics_sitenote_active":false,"_exactmetrics_sitenote_note":"","_exactmetrics_sitenote_category":0,"footnotes":""},"categories":[49],"tags":[],"class_list":["post-9409","post","type-post","status-publish","format-standard","has-post-thumbnail","hentry","category-memoire"],"acf":[],"yoast_head":"<!-- This site is optimized with the Yoast SEO plugin v26.7 - https:\/\/yoast.com\/wordpress\/plugins\/seo\/ -->\n<title>Rencontre avec Maurice Bleicher - Association nationale des pionniers et combattants volontaires du maquis du Vercors<\/title>\n<meta name=\"robots\" content=\"index, follow, max-snippet:-1, max-image-preview:large, max-video-preview:-1\" \/>\n<link rel=\"canonical\" href=\"https:\/\/www.vercors-resistance.fr\/rencontre-avec-maurice-bleicher\/\" \/>\n<meta property=\"og:locale\" content=\"de_DE\" \/>\n<meta property=\"og:type\" content=\"article\" \/>\n<meta property=\"og:title\" content=\"Rencontre avec Maurice Bleicher - Association nationale des pionniers et combattants volontaires du maquis du Vercors\" \/>\n<meta property=\"og:description\" content=\"L&#8217;auteur de Maquisards du Vercors, dictionnaire bibliographique pr\u00e9sentera son livre le 29 janvier au mus\u00e9e de la r\u00e9sistance de Grenoble. Une date \u00e0 retenir que celle du 29 janvier prochain. Maurice Bleicher, l\u2019auteur de Maquisards du Vercors, dictionnaire bibliographique, y pr\u00e9sentera son livre au mus\u00e9e de la r\u00e9sistance et de la d\u00e9portation de l\u2019Is\u00e8re. 5800 (...) Lire la suite\" \/>\n<meta property=\"og:url\" content=\"https:\/\/www.vercors-resistance.fr\/rencontre-avec-maurice-bleicher\/\" \/>\n<meta property=\"og:site_name\" content=\"Association nationale des pionniers et combattants volontaires du maquis du Vercors\" \/>\n<meta property=\"article:published_time\" content=\"2026-01-27T10:17:16+00:00\" \/>\n<meta property=\"article:modified_time\" content=\"2026-01-28T08:54:21+00:00\" \/>\n<meta property=\"og:image\" content=\"https:\/\/www.vercors-resistance.fr\/wp-content\/uploads\/2026\/01\/Livre-une.jpg\" \/>\n\t<meta property=\"og:image:width\" content=\"1890\" \/>\n\t<meta property=\"og:image:height\" content=\"705\" \/>\n\t<meta property=\"og:image:type\" content=\"image\/jpeg\" \/>\n<meta name=\"author\" content=\"michelpernet\" \/>\n<meta name=\"twitter:card\" content=\"summary_large_image\" \/>\n<meta name=\"twitter:label1\" content=\"Verfasst von\" \/>\n\t<meta name=\"twitter:data1\" content=\"michelpernet\" \/>\n\t<meta name=\"twitter:label2\" content=\"Gesch\u00e4tzte Lesezeit\" \/>\n\t<meta name=\"twitter:data2\" content=\"3\u00a0Minuten\" \/>\n<script type=\"application\/ld+json\" class=\"yoast-schema-graph\">{\"@context\":\"https:\/\/schema.org\",\"@graph\":[{\"@type\":\"Article\",\"@id\":\"https:\/\/www.vercors-resistance.fr\/rencontre-avec-maurice-bleicher\/#article\",\"isPartOf\":{\"@id\":\"https:\/\/www.vercors-resistance.fr\/rencontre-avec-maurice-bleicher\/\"},\"author\":{\"name\":\"michelpernet\",\"@id\":\"https:\/\/www.vercors-resistance.fr\/#\/schema\/person\/bad94cfc368de0a0d982d859d16704cc\"},\"headline\":\"Rencontre avec Maurice Bleicher\",\"datePublished\":\"2026-01-27T10:17:16+00:00\",\"dateModified\":\"2026-01-28T08:54:21+00:00\",\"mainEntityOfPage\":{\"@id\":\"https:\/\/www.vercors-resistance.fr\/rencontre-avec-maurice-bleicher\/\"},\"wordCount\":329,\"commentCount\":0,\"image\":{\"@id\":\"https:\/\/www.vercors-resistance.fr\/rencontre-avec-maurice-bleicher\/#primaryimage\"},\"thumbnailUrl\":\"https:\/\/www.vercors-resistance.fr\/wp-content\/uploads\/2026\/01\/Livre-une.jpg\",\"articleSection\":[\"M\u00e9moire\"],\"inLanguage\":\"de\",\"potentialAction\":[{\"@type\":\"CommentAction\",\"name\":\"Comment\",\"target\":[\"https:\/\/www.vercors-resistance.fr\/rencontre-avec-maurice-bleicher\/#respond\"]}]},{\"@type\":\"WebPage\",\"@id\":\"https:\/\/www.vercors-resistance.fr\/rencontre-avec-maurice-bleicher\/\",\"url\":\"https:\/\/www.vercors-resistance.fr\/rencontre-avec-maurice-bleicher\/\",\"name\":\"Rencontre avec Maurice Bleicher - Association nationale des pionniers et combattants volontaires du maquis du Vercors\",\"isPartOf\":{\"@id\":\"https:\/\/www.vercors-resistance.fr\/#website\"},\"primaryImageOfPage\":{\"@id\":\"https:\/\/www.vercors-resistance.fr\/rencontre-avec-maurice-bleicher\/#primaryimage\"},\"image\":{\"@id\":\"https:\/\/www.vercors-resistance.fr\/rencontre-avec-maurice-bleicher\/#primaryimage\"},\"thumbnailUrl\":\"https:\/\/www.vercors-resistance.fr\/wp-content\/uploads\/2026\/01\/Livre-une.jpg\",\"datePublished\":\"2026-01-27T10:17:16+00:00\",\"dateModified\":\"2026-01-28T08:54:21+00:00\",\"author\":{\"@id\":\"https:\/\/www.vercors-resistance.fr\/#\/schema\/person\/bad94cfc368de0a0d982d859d16704cc\"},\"breadcrumb\":{\"@id\":\"https:\/\/www.vercors-resistance.fr\/rencontre-avec-maurice-bleicher\/#breadcrumb\"},\"inLanguage\":\"de\",\"potentialAction\":[{\"@type\":\"ReadAction\",\"target\":[\"https:\/\/www.vercors-resistance.fr\/rencontre-avec-maurice-bleicher\/\"]}]},{\"@type\":\"ImageObject\",\"inLanguage\":\"de\",\"@id\":\"https:\/\/www.vercors-resistance.fr\/rencontre-avec-maurice-bleicher\/#primaryimage\",\"url\":\"https:\/\/www.vercors-resistance.fr\/wp-content\/uploads\/2026\/01\/Livre-une.jpg\",\"contentUrl\":\"https:\/\/www.vercors-resistance.fr\/wp-content\/uploads\/2026\/01\/Livre-une.jpg\",\"width\":1890,\"height\":705},{\"@type\":\"BreadcrumbList\",\"@id\":\"https:\/\/www.vercors-resistance.fr\/rencontre-avec-maurice-bleicher\/#breadcrumb\",\"itemListElement\":[{\"@type\":\"ListItem\",\"position\":1,\"name\":\"Accueil\",\"item\":\"https:\/\/www.vercors-resistance.fr\/\"},{\"@type\":\"ListItem\",\"position\":2,\"name\":\"Rencontre avec Maurice Bleicher\"}]},{\"@type\":\"WebSite\",\"@id\":\"https:\/\/www.vercors-resistance.fr\/#website\",\"url\":\"https:\/\/www.vercors-resistance.fr\/\",\"name\":\"Association nationale des pionniers et combattants volontaires du maquis du Vercors\",\"description\":\"La flamme de la r\u00e9sistance fran\u00e7aise ne doit pas s\u2019\u00e9teindre et ne s\u2019\u00e9teindra pas &lt;span&gt;Charles de Gaulle, appel du 18 juin 1940&lt;\/span&gt;\",\"potentialAction\":[{\"@type\":\"SearchAction\",\"target\":{\"@type\":\"EntryPoint\",\"urlTemplate\":\"https:\/\/www.vercors-resistance.fr\/?s={search_term_string}\"},\"query-input\":{\"@type\":\"PropertyValueSpecification\",\"valueRequired\":true,\"valueName\":\"search_term_string\"}}],\"inLanguage\":\"de\"},{\"@type\":\"Person\",\"@id\":\"https:\/\/www.vercors-resistance.fr\/#\/schema\/person\/bad94cfc368de0a0d982d859d16704cc\",\"name\":\"michelpernet\",\"image\":{\"@type\":\"ImageObject\",\"inLanguage\":\"de\",\"@id\":\"https:\/\/www.vercors-resistance.fr\/#\/schema\/person\/image\/\",\"url\":\"https:\/\/secure.gravatar.com\/avatar\/d3d03c6734601c1b589c79554c8185c5ccf1c1890b4ba9aaed05a28baedc4718?s=96&d=mm&r=g\",\"contentUrl\":\"https:\/\/secure.gravatar.com\/avatar\/d3d03c6734601c1b589c79554c8185c5ccf1c1890b4ba9aaed05a28baedc4718?s=96&d=mm&r=g\",\"caption\":\"michelpernet\"},\"url\":\"https:\/\/www.vercors-resistance.fr\/de\/author\/michelpernet\/\"}]}<\/script>\n<!-- \/ Yoast SEO plugin. -->","yoast_head_json":{"title":"Rencontre avec Maurice Bleicher - Association nationale des pionniers et combattants volontaires du maquis du Vercors","robots":{"index":"index","follow":"follow","max-snippet":"max-snippet:-1","max-image-preview":"max-image-preview:large","max-video-preview":"max-video-preview:-1"},"canonical":"https:\/\/www.vercors-resistance.fr\/rencontre-avec-maurice-bleicher\/","og_locale":"de_DE","og_type":"article","og_title":"Rencontre avec Maurice Bleicher - Association nationale des pionniers et combattants volontaires du maquis du Vercors","og_description":"L&#8217;auteur de Maquisards du Vercors, dictionnaire bibliographique pr\u00e9sentera son livre le 29 janvier au mus\u00e9e de la r\u00e9sistance de Grenoble. Une date \u00e0 retenir que celle du 29 janvier prochain. Maurice Bleicher, l\u2019auteur de Maquisards du Vercors, dictionnaire bibliographique, y pr\u00e9sentera son livre au mus\u00e9e de la r\u00e9sistance et de la d\u00e9portation de l\u2019Is\u00e8re. 5800 (...) Lire la suite","og_url":"https:\/\/www.vercors-resistance.fr\/rencontre-avec-maurice-bleicher\/","og_site_name":"Association nationale des pionniers et combattants volontaires du maquis du Vercors","article_published_time":"2026-01-27T10:17:16+00:00","article_modified_time":"2026-01-28T08:54:21+00:00","og_image":[{"width":1890,"height":705,"url":"https:\/\/www.vercors-resistance.fr\/wp-content\/uploads\/2026\/01\/Livre-une.jpg","type":"image\/jpeg"}],"author":"michelpernet","twitter_card":"summary_large_image","twitter_misc":{"Verfasst von":"michelpernet","Gesch\u00e4tzte Lesezeit":"3\u00a0Minuten"},"schema":{"@context":"https:\/\/schema.org","@graph":[{"@type":"Article","@id":"https:\/\/www.vercors-resistance.fr\/rencontre-avec-maurice-bleicher\/#article","isPartOf":{"@id":"https:\/\/www.vercors-resistance.fr\/rencontre-avec-maurice-bleicher\/"},"author":{"name":"michelpernet","@id":"https:\/\/www.vercors-resistance.fr\/#\/schema\/person\/bad94cfc368de0a0d982d859d16704cc"},"headline":"Rencontre avec Maurice Bleicher","datePublished":"2026-01-27T10:17:16+00:00","dateModified":"2026-01-28T08:54:21+00:00","mainEntityOfPage":{"@id":"https:\/\/www.vercors-resistance.fr\/rencontre-avec-maurice-bleicher\/"},"wordCount":329,"commentCount":0,"image":{"@id":"https:\/\/www.vercors-resistance.fr\/rencontre-avec-maurice-bleicher\/#primaryimage"},"thumbnailUrl":"https:\/\/www.vercors-resistance.fr\/wp-content\/uploads\/2026\/01\/Livre-une.jpg","articleSection":["M\u00e9moire"],"inLanguage":"de","potentialAction":[{"@type":"CommentAction","name":"Comment","target":["https:\/\/www.vercors-resistance.fr\/rencontre-avec-maurice-bleicher\/#respond"]}]},{"@type":"WebPage","@id":"https:\/\/www.vercors-resistance.fr\/rencontre-avec-maurice-bleicher\/","url":"https:\/\/www.vercors-resistance.fr\/rencontre-avec-maurice-bleicher\/","name":"Rencontre avec Maurice Bleicher - Association nationale des pionniers et combattants volontaires du maquis du Vercors","isPartOf":{"@id":"https:\/\/www.vercors-resistance.fr\/#website"},"primaryImageOfPage":{"@id":"https:\/\/www.vercors-resistance.fr\/rencontre-avec-maurice-bleicher\/#primaryimage"},"image":{"@id":"https:\/\/www.vercors-resistance.fr\/rencontre-avec-maurice-bleicher\/#primaryimage"},"thumbnailUrl":"https:\/\/www.vercors-resistance.fr\/wp-content\/uploads\/2026\/01\/Livre-une.jpg","datePublished":"2026-01-27T10:17:16+00:00","dateModified":"2026-01-28T08:54:21+00:00","author":{"@id":"https:\/\/www.vercors-resistance.fr\/#\/schema\/person\/bad94cfc368de0a0d982d859d16704cc"},"breadcrumb":{"@id":"https:\/\/www.vercors-resistance.fr\/rencontre-avec-maurice-bleicher\/#breadcrumb"},"inLanguage":"de","potentialAction":[{"@type":"ReadAction","target":["https:\/\/www.vercors-resistance.fr\/rencontre-avec-maurice-bleicher\/"]}]},{"@type":"ImageObject","inLanguage":"de","@id":"https:\/\/www.vercors-resistance.fr\/rencontre-avec-maurice-bleicher\/#primaryimage","url":"https:\/\/www.vercors-resistance.fr\/wp-content\/uploads\/2026\/01\/Livre-une.jpg","contentUrl":"https:\/\/www.vercors-resistance.fr\/wp-content\/uploads\/2026\/01\/Livre-une.jpg","width":1890,"height":705},{"@type":"BreadcrumbList","@id":"https:\/\/www.vercors-resistance.fr\/rencontre-avec-maurice-bleicher\/#breadcrumb","itemListElement":[{"@type":"ListItem","position":1,"name":"Accueil","item":"https:\/\/www.vercors-resistance.fr\/"},{"@type":"ListItem","position":2,"name":"Rencontre avec Maurice Bleicher"}]},{"@type":"WebSite","@id":"https:\/\/www.vercors-resistance.fr\/#website","url":"https:\/\/www.vercors-resistance.fr\/","name":"Association nationale des pionniers et combattants volontaires du maquis du Vercors","description":"La flamme de la r\u00e9sistance fran\u00e7aise ne doit pas s\u2019\u00e9teindre et ne s\u2019\u00e9teindra pas &lt;span&gt;Charles de Gaulle, appel du 18 juin 1940&lt;\/span&gt;","potentialAction":[{"@type":"SearchAction","target":{"@type":"EntryPoint","urlTemplate":"https:\/\/www.vercors-resistance.fr\/?s={search_term_string}"},"query-input":{"@type":"PropertyValueSpecification","valueRequired":true,"valueName":"search_term_string"}}],"inLanguage":"de"},{"@type":"Person","@id":"https:\/\/www.vercors-resistance.fr\/#\/schema\/person\/bad94cfc368de0a0d982d859d16704cc","name":"michelpernet","image":{"@type":"ImageObject","inLanguage":"de","@id":"https:\/\/www.vercors-resistance.fr\/#\/schema\/person\/image\/","url":"https:\/\/secure.gravatar.com\/avatar\/d3d03c6734601c1b589c79554c8185c5ccf1c1890b4ba9aaed05a28baedc4718?s=96&d=mm&r=g","contentUrl":"https:\/\/secure.gravatar.com\/avatar\/d3d03c6734601c1b589c79554c8185c5ccf1c1890b4ba9aaed05a28baedc4718?s=96&d=mm&r=g","caption":"michelpernet"},"url":"https:\/\/www.vercors-resistance.fr\/de\/author\/michelpernet\/"}]}},"_links":{"self":[{"href":"https:\/\/www.vercors-resistance.fr\/de\/wp-json\/wp\/v2\/posts\/9409","targetHints":{"allow":["GET"]}}],"collection":[{"href":"https:\/\/www.vercors-resistance.fr\/de\/wp-json\/wp\/v2\/posts"}],"about":[{"href":"https:\/\/www.vercors-resistance.fr\/de\/wp-json\/wp\/v2\/types\/post"}],"author":[{"embeddable":true,"href":"https:\/\/www.vercors-resistance.fr\/de\/wp-json\/wp\/v2\/users\/2"}],"replies":[{"embeddable":true,"href":"https:\/\/www.vercors-resistance.fr\/de\/wp-json\/wp\/v2\/comments?post=9409"}],"version-history":[{"count":5,"href":"https:\/\/www.vercors-resistance.fr\/de\/wp-json\/wp\/v2\/posts\/9409\/revisions"}],"predecessor-version":[{"id":9441,"href":"https:\/\/www.vercors-resistance.fr\/de\/wp-json\/wp\/v2\/posts\/9409\/revisions\/9441"}],"wp:featuredmedia":[{"embeddable":true,"href":"https:\/\/www.vercors-resistance.fr\/de\/wp-json\/wp\/v2\/media\/9417"}],"wp:attachment":[{"href":"https:\/\/www.vercors-resistance.fr\/de\/wp-json\/wp\/v2\/media?parent=9409"}],"wp:term":[{"taxonomy":"category","embeddable":true,"href":"https:\/\/www.vercors-resistance.fr\/de\/wp-json\/wp\/v2\/categories?post=9409"},{"taxonomy":"post_tag","embeddable":true,"href":"https:\/\/www.vercors-resistance.fr\/de\/wp-json\/wp\/v2\/tags?post=9409"}],"curies":[{"name":"wp","href":"https:\/\/api.w.org\/{rel}","templated":true}]}}