{"id":9420,"date":"2026-01-27T12:05:46","date_gmt":"2026-01-27T11:05:46","guid":{"rendered":"https:\/\/www.vercors-resistance.fr\/?p=9420"},"modified":"2026-01-27T12:05:52","modified_gmt":"2026-01-27T11:05:52","slug":"57e-anniversaire-de-la-disparition-deugene-chavant","status":"publish","type":"post","link":"https:\/\/www.vercors-resistance.fr\/de\/57e-anniversaire-de-la-disparition-deugene-chavant\/","title":{"rendered":"57e anniversaire de la disparition d\u2019Eug\u00e8ne Chavant"},"content":{"rendered":"\n<h4 class=\"wp-block-heading\">La c\u00e9r\u00e9monie en hommage \u00e0 Eug\u00e8ne Chavant s\u2019est d\u00e9roul\u00e9e le 25 janvier devant le monument qui rappelle le souvenir de celui qui fut le chef civil du Vercors. Pour la premi\u00e8re fois, elle avait lieu en l\u2019absence de Daniel Huillier.<\/h4>\n\n\n\n<p>C\u00e9r\u00e9monie particuli\u00e8re, que celle du 57<sup>e<\/sup> anniversaire de la disparition d\u2019Eug\u00e8ne Chavant. C\u2019\u00e9tait en effet le premier rendez-vous comm\u00e9moratif qui se tenait en l\u2019absence de Daniel Huillier, pr\u00e9sident de l\u2019association des Pionniers du Vercors, qui nous a quitt\u00e9s le 24 d\u00e9cembre denier.<\/p>\n\n\n\n<p>Daniel Huillier auquel Pierre Buisson, qui lui succ\u00e8de \u00e0 la pr\u00e9sidence de l\u2019association, ne manquait pas de rendre hommage. \u00ab\u00a0<em>Daniel effectuera le plus long mandat qui soit \u00e0 la t\u00eate de l\u2019association et conduira la mutation indispensable \u00e0 la p\u00e9rennit\u00e9 de cette derni\u00e8re\u00a0; Il ne cessera de transmettre et d\u2019honorer j\u2019ai eu la chance de conna\u00eetre et d\u2019appr\u00e9cier cet homme de caract\u00e8re qui m\u2019a beaucoup appris\u00a0\u00bb<\/em>, disait-il<em>.<\/em><\/p>\n\n\n\n<figure class=\"wp-block-image size-large\"><img loading=\"lazy\" decoding=\"async\" width=\"1280\" height=\"853\" src=\"https:\/\/www.vercors-resistance.fr\/wp-content\/uploads\/2026\/01\/Pierre-Buisson-1280x853.jpg\" alt=\"\" class=\"wp-image-9421\" srcset=\"https:\/\/www.vercors-resistance.fr\/wp-content\/uploads\/2026\/01\/Pierre-Buisson-1280x853.jpg 1280w, https:\/\/www.vercors-resistance.fr\/wp-content\/uploads\/2026\/01\/Pierre-Buisson-300x200.jpg 300w, https:\/\/www.vercors-resistance.fr\/wp-content\/uploads\/2026\/01\/Pierre-Buisson-768x512.jpg 768w, https:\/\/www.vercors-resistance.fr\/wp-content\/uploads\/2026\/01\/Pierre-Buisson-1536x1024.jpg 1536w, https:\/\/www.vercors-resistance.fr\/wp-content\/uploads\/2026\/01\/Pierre-Buisson.jpg 2006w\" sizes=\"auto, (max-width: 1280px) 100vw, 1280px\" \/><figcaption class=\"wp-element-caption\">Pierre Buisson, pr\u00e9sident de l&#8217;Association nationale des pionniers et combattants volontaires du maquis du Vercors, familles et amis.<\/figcaption><\/figure>\n\n\n\n<p>La c\u00e9r\u00e9monie s\u2019est d\u00e9roul\u00e9e devant le monument de la place Valentin Ha\u00fcy, qui rappelle l\u2019engagement d\u2019Eug\u00e8ne Chavant. Elle a eu lieu en pr\u00e9sence de Mme Cl\u00e9ry-Barrault, directrice d\u00e9partementale de l\u2019ONaCVG, repr\u00e9sentant madame la pr\u00e9f\u00e8te de l\u2019Is\u00e8re&nbsp;; Natalie B\u00e9renger, conseill\u00e8re r\u00e9gionale, repr\u00e9sentant le pr\u00e9sident&nbsp;; un repr\u00e9sentant du g\u00e9n\u00e9ral commandant du Groupement de gendarmerie de l\u2019Is\u00e8re&nbsp;; \u00c9ric Piolle, maire de Grenoble, ville Compagnon de la Lib\u00e9ration&nbsp;; Philippe Pasteur, pr\u00e9sident du tribunal de commerce de Grenoble et des Grenoblois venus saluer la m\u00e9moire du chef de la r\u00e9sistance dans le Vercors.<\/p>\n\n\n\n<figure class=\"wp-block-image size-large\"><img loading=\"lazy\" decoding=\"async\" width=\"1280\" height=\"853\" src=\"https:\/\/www.vercors-resistance.fr\/wp-content\/uploads\/2026\/01\/Officiels-1280x853.jpg\" alt=\"\" class=\"wp-image-9424\" srcset=\"https:\/\/www.vercors-resistance.fr\/wp-content\/uploads\/2026\/01\/Officiels-1280x853.jpg 1280w, https:\/\/www.vercors-resistance.fr\/wp-content\/uploads\/2026\/01\/Officiels-300x200.jpg 300w, https:\/\/www.vercors-resistance.fr\/wp-content\/uploads\/2026\/01\/Officiels-768x512.jpg 768w, https:\/\/www.vercors-resistance.fr\/wp-content\/uploads\/2026\/01\/Officiels-1536x1023.jpg 1536w, https:\/\/www.vercors-resistance.fr\/wp-content\/uploads\/2026\/01\/Officiels-2048x1365.jpg 2048w\" sizes=\"auto, (max-width: 1280px) 100vw, 1280px\" \/><figcaption class=\"wp-element-caption\">Les personnalit\u00e9s se sont recueillies devant le monument \u00e9rig\u00e9s en hommage \u00e0 Eug\u00e8ne Chavant.<\/figcaption><\/figure>\n\n\n\n<p>Dans son allocution, Pierre Buisson rappelait le parcours de celui qui fut le chef civil du Vercors. Maire de Saint-Martin-d\u2019H\u00e8res, il est d\u00e9mis de ses fonctions par le gouvernement de Vichy en f\u00e9vrier 1941 . <em>\u00ab&nbsp;Combattant de l\u2019ombre au d\u00e9but de la seconde guerre mondiale, il participe au mouvement Franc- Tireur en 1942 sous le pseudonyme de \u00ab&nbsp;Cl\u00e9ment&nbsp;\u00bb et devient le chef civil du maquis du Vercors en septembre 1943 apr\u00e8s l\u2019arrestation d\u2019Aim\u00e9 Pupin ou il d\u00e9ploie une importante activit\u00e9 dans l\u2019accueil des r\u00e9fractaires au STO pour l\u2019h\u00e9bergement et le ravitaillement.&nbsp;\u00bb<\/em><\/p>\n\n\n\n<p>Pierre Buisson rappelait sa proclamation, les 3 et 14 juillet 44, de la R\u00e9publique du Vercors et notait qu\u2019Eug\u00e8ne Chavant <em>\u00ab&nbsp;n\u2019h\u00e9site pas \u00e0 critiquer Alger, s\u2019estimant abandonn\u00e9&nbsp;\u00bb.<\/em><\/p>\n\n\n\n<figure class=\"wp-block-image size-full\"><img loading=\"lazy\" decoding=\"async\" width=\"800\" height=\"533\" src=\"https:\/\/www.vercors-resistance.fr\/wp-content\/uploads\/2026\/01\/Eric-Piolle.jpg\" alt=\"\" class=\"wp-image-9427\" srcset=\"https:\/\/www.vercors-resistance.fr\/wp-content\/uploads\/2026\/01\/Eric-Piolle.jpg 800w, https:\/\/www.vercors-resistance.fr\/wp-content\/uploads\/2026\/01\/Eric-Piolle-300x200.jpg 300w, https:\/\/www.vercors-resistance.fr\/wp-content\/uploads\/2026\/01\/Eric-Piolle-768x512.jpg 768w\" sizes=\"auto, (max-width: 800px) 100vw, 800px\" \/><figcaption class=\"wp-element-caption\">Eric Piolle, maire de Grenoble.<\/figcaption><\/figure>\n\n\n\n<p>Le pr\u00e9sident de l\u2019association des Pionniers du Vercors se souvenait que <em>\u00ab&nbsp;Le 5 novembre lors de la visite du G\u00e9n\u00e9ral de Gaulle \u00e0 Grenoble, ce dernier lui remet la Croix de la Lib\u00e9ration, et Le 20 novembre, un d\u00e9cret du G\u00e9n\u00e9ral de Gaulle le faisait Compagnon de la Lib\u00e9ration&nbsp;\u00bb<\/em> pour ensuite rappeler qu\u2019Eug\u00e8ne Chavant fut le premier pr\u00e9sident de l\u2019amicale devenue Association des pionniers et combattant volontaires du maquis du Vercors&nbsp;<em>: Jusqu\u2019\u00e0 son d\u00e9c\u00e8s, en janvier 1969, Eug\u00e8ne Chavant pr\u00e9sidera cette association qui \u00e9voluera ensuite au fil des ann\u00e9es sous la pr\u00e9sidence de six anciens maquisards ayant particip\u00e9 aux combats du Vercors&nbsp;\u00bb.<\/em><\/p>\n\n\n\n<figure class=\"wp-block-image size-full\"><img loading=\"lazy\" decoding=\"async\" width=\"800\" height=\"533\" src=\"https:\/\/www.vercors-resistance.fr\/wp-content\/uploads\/2026\/01\/Natalie-Berenger.jpg\" alt=\"\" class=\"wp-image-9430\" srcset=\"https:\/\/www.vercors-resistance.fr\/wp-content\/uploads\/2026\/01\/Natalie-Berenger.jpg 800w, https:\/\/www.vercors-resistance.fr\/wp-content\/uploads\/2026\/01\/Natalie-Berenger-300x200.jpg 300w, https:\/\/www.vercors-resistance.fr\/wp-content\/uploads\/2026\/01\/Natalie-Berenger-768x512.jpg 768w\" sizes=\"auto, (max-width: 800px) 100vw, 800px\" \/><figcaption class=\"wp-element-caption\">Nathalie B\u00e9ranger, conseill\u00e8re r\u00e9gionale.<\/figcaption><\/figure>\n","protected":false},"excerpt":{"rendered":"<p>La c\u00e9r\u00e9monie en hommage \u00e0 Eug\u00e8ne Chavant s\u2019est d\u00e9roul\u00e9e le 25 janvier devant le monument qui rappelle le souvenir de celui qui fut le chef civil du Vercors. Pour la premi\u00e8re fois, elle avait lieu en l\u2019absence de Daniel Huillier. C\u00e9r\u00e9monie particuli\u00e8re, que celle du 57e anniversaire de la disparition d\u2019Eug\u00e8ne Chavant. C\u2019\u00e9tait en effet (&#8230;) <a href=\"https:\/\/www.vercors-resistance.fr\/de\/57e-anniversaire-de-la-disparition-deugene-chavant\/\">Lire la suite<\/a><\/p>\n","protected":false},"author":2,"featured_media":9433,"comment_status":"open","ping_status":"open","sticky":false,"template":"","format":"standard","meta":{"_acf_changed":false,"_exactmetrics_skip_tracking":false,"_exactmetrics_sitenote_active":false,"_exactmetrics_sitenote_note":"","_exactmetrics_sitenote_category":0,"footnotes":""},"categories":[43],"tags":[],"class_list":["post-9420","post","type-post","status-publish","format-standard","has-post-thumbnail","hentry","category-ceremonies"],"acf":[],"yoast_head":"<!-- This site is optimized with the Yoast SEO plugin v26.7 - https:\/\/yoast.com\/wordpress\/plugins\/seo\/ -->\n<title>57e anniversaire de la disparition d\u2019Eug\u00e8ne Chavant - Association nationale des pionniers et combattants volontaires du maquis du Vercors<\/title>\n<meta name=\"robots\" content=\"index, follow, max-snippet:-1, max-image-preview:large, max-video-preview:-1\" \/>\n<link rel=\"canonical\" href=\"https:\/\/www.vercors-resistance.fr\/57e-anniversaire-de-la-disparition-deugene-chavant\/\" \/>\n<meta property=\"og:locale\" content=\"de_DE\" \/>\n<meta property=\"og:type\" content=\"article\" \/>\n<meta property=\"og:title\" content=\"57e anniversaire de la disparition d\u2019Eug\u00e8ne Chavant - Association nationale des pionniers et combattants volontaires du maquis du Vercors\" \/>\n<meta property=\"og:description\" content=\"La c\u00e9r\u00e9monie en hommage \u00e0 Eug\u00e8ne Chavant s\u2019est d\u00e9roul\u00e9e le 25 janvier devant le monument qui rappelle le souvenir de celui qui fut le chef civil du Vercors. Pour la premi\u00e8re fois, elle avait lieu en l\u2019absence de Daniel Huillier. C\u00e9r\u00e9monie particuli\u00e8re, que celle du 57e anniversaire de la disparition d\u2019Eug\u00e8ne Chavant. C\u2019\u00e9tait en effet (...) Lire la suite\" \/>\n<meta property=\"og:url\" content=\"https:\/\/www.vercors-resistance.fr\/57e-anniversaire-de-la-disparition-deugene-chavant\/\" \/>\n<meta property=\"og:site_name\" content=\"Association nationale des pionniers et combattants volontaires du maquis du Vercors\" \/>\n<meta property=\"article:published_time\" content=\"2026-01-27T11:05:46+00:00\" \/>\n<meta property=\"article:modified_time\" content=\"2026-01-27T11:05:52+00:00\" \/>\n<meta property=\"og:image\" content=\"https:\/\/www.vercors-resistance.fr\/wp-content\/uploads\/2026\/01\/Banniere.jpg\" \/>\n\t<meta property=\"og:image:width\" content=\"1340\" \/>\n\t<meta property=\"og:image:height\" content=\"400\" \/>\n\t<meta property=\"og:image:type\" content=\"image\/jpeg\" \/>\n<meta name=\"author\" content=\"michelpernet\" \/>\n<meta name=\"twitter:card\" content=\"summary_large_image\" \/>\n<meta name=\"twitter:label1\" content=\"Verfasst von\" \/>\n\t<meta name=\"twitter:data1\" content=\"michelpernet\" \/>\n\t<meta name=\"twitter:label2\" content=\"Gesch\u00e4tzte Lesezeit\" \/>\n\t<meta name=\"twitter:data2\" content=\"4\u00a0Minuten\" \/>\n<script type=\"application\/ld+json\" class=\"yoast-schema-graph\">{\"@context\":\"https:\/\/schema.org\",\"@graph\":[{\"@type\":\"Article\",\"@id\":\"https:\/\/www.vercors-resistance.fr\/57e-anniversaire-de-la-disparition-deugene-chavant\/#article\",\"isPartOf\":{\"@id\":\"https:\/\/www.vercors-resistance.fr\/57e-anniversaire-de-la-disparition-deugene-chavant\/\"},\"author\":{\"name\":\"michelpernet\",\"@id\":\"https:\/\/www.vercors-resistance.fr\/#\/schema\/person\/bad94cfc368de0a0d982d859d16704cc\"},\"headline\":\"57e anniversaire de la disparition d\u2019Eug\u00e8ne Chavant\",\"datePublished\":\"2026-01-27T11:05:46+00:00\",\"dateModified\":\"2026-01-27T11:05:52+00:00\",\"mainEntityOfPage\":{\"@id\":\"https:\/\/www.vercors-resistance.fr\/57e-anniversaire-de-la-disparition-deugene-chavant\/\"},\"wordCount\":616,\"commentCount\":0,\"image\":{\"@id\":\"https:\/\/www.vercors-resistance.fr\/57e-anniversaire-de-la-disparition-deugene-chavant\/#primaryimage\"},\"thumbnailUrl\":\"https:\/\/www.vercors-resistance.fr\/wp-content\/uploads\/2026\/01\/Banniere.jpg\",\"articleSection\":[\"C\u00e9r\u00e9monies\"],\"inLanguage\":\"de\",\"potentialAction\":[{\"@type\":\"CommentAction\",\"name\":\"Comment\",\"target\":[\"https:\/\/www.vercors-resistance.fr\/57e-anniversaire-de-la-disparition-deugene-chavant\/#respond\"]}]},{\"@type\":\"WebPage\",\"@id\":\"https:\/\/www.vercors-resistance.fr\/57e-anniversaire-de-la-disparition-deugene-chavant\/\",\"url\":\"https:\/\/www.vercors-resistance.fr\/57e-anniversaire-de-la-disparition-deugene-chavant\/\",\"name\":\"57e anniversaire de la disparition d\u2019Eug\u00e8ne Chavant - Association nationale des pionniers et combattants volontaires du maquis du Vercors\",\"isPartOf\":{\"@id\":\"https:\/\/www.vercors-resistance.fr\/#website\"},\"primaryImageOfPage\":{\"@id\":\"https:\/\/www.vercors-resistance.fr\/57e-anniversaire-de-la-disparition-deugene-chavant\/#primaryimage\"},\"image\":{\"@id\":\"https:\/\/www.vercors-resistance.fr\/57e-anniversaire-de-la-disparition-deugene-chavant\/#primaryimage\"},\"thumbnailUrl\":\"https:\/\/www.vercors-resistance.fr\/wp-content\/uploads\/2026\/01\/Banniere.jpg\",\"datePublished\":\"2026-01-27T11:05:46+00:00\",\"dateModified\":\"2026-01-27T11:05:52+00:00\",\"author\":{\"@id\":\"https:\/\/www.vercors-resistance.fr\/#\/schema\/person\/bad94cfc368de0a0d982d859d16704cc\"},\"breadcrumb\":{\"@id\":\"https:\/\/www.vercors-resistance.fr\/57e-anniversaire-de-la-disparition-deugene-chavant\/#breadcrumb\"},\"inLanguage\":\"de\",\"potentialAction\":[{\"@type\":\"ReadAction\",\"target\":[\"https:\/\/www.vercors-resistance.fr\/57e-anniversaire-de-la-disparition-deugene-chavant\/\"]}]},{\"@type\":\"ImageObject\",\"inLanguage\":\"de\",\"@id\":\"https:\/\/www.vercors-resistance.fr\/57e-anniversaire-de-la-disparition-deugene-chavant\/#primaryimage\",\"url\":\"https:\/\/www.vercors-resistance.fr\/wp-content\/uploads\/2026\/01\/Banniere.jpg\",\"contentUrl\":\"https:\/\/www.vercors-resistance.fr\/wp-content\/uploads\/2026\/01\/Banniere.jpg\",\"width\":1340,\"height\":400},{\"@type\":\"BreadcrumbList\",\"@id\":\"https:\/\/www.vercors-resistance.fr\/57e-anniversaire-de-la-disparition-deugene-chavant\/#breadcrumb\",\"itemListElement\":[{\"@type\":\"ListItem\",\"position\":1,\"name\":\"Accueil\",\"item\":\"https:\/\/www.vercors-resistance.fr\/\"},{\"@type\":\"ListItem\",\"position\":2,\"name\":\"57e anniversaire de la disparition d\u2019Eug\u00e8ne Chavant\"}]},{\"@type\":\"WebSite\",\"@id\":\"https:\/\/www.vercors-resistance.fr\/#website\",\"url\":\"https:\/\/www.vercors-resistance.fr\/\",\"name\":\"Association nationale des pionniers et combattants volontaires du maquis du Vercors\",\"description\":\"La flamme de la r\u00e9sistance fran\u00e7aise ne doit pas s\u2019\u00e9teindre et ne s\u2019\u00e9teindra pas &lt;span&gt;Charles de Gaulle, appel du 18 juin 1940&lt;\/span&gt;\",\"potentialAction\":[{\"@type\":\"SearchAction\",\"target\":{\"@type\":\"EntryPoint\",\"urlTemplate\":\"https:\/\/www.vercors-resistance.fr\/?s={search_term_string}\"},\"query-input\":{\"@type\":\"PropertyValueSpecification\",\"valueRequired\":true,\"valueName\":\"search_term_string\"}}],\"inLanguage\":\"de\"},{\"@type\":\"Person\",\"@id\":\"https:\/\/www.vercors-resistance.fr\/#\/schema\/person\/bad94cfc368de0a0d982d859d16704cc\",\"name\":\"michelpernet\",\"image\":{\"@type\":\"ImageObject\",\"inLanguage\":\"de\",\"@id\":\"https:\/\/www.vercors-resistance.fr\/#\/schema\/person\/image\/\",\"url\":\"https:\/\/secure.gravatar.com\/avatar\/d3d03c6734601c1b589c79554c8185c5ccf1c1890b4ba9aaed05a28baedc4718?s=96&d=mm&r=g\",\"contentUrl\":\"https:\/\/secure.gravatar.com\/avatar\/d3d03c6734601c1b589c79554c8185c5ccf1c1890b4ba9aaed05a28baedc4718?s=96&d=mm&r=g\",\"caption\":\"michelpernet\"},\"url\":\"https:\/\/www.vercors-resistance.fr\/de\/author\/michelpernet\/\"}]}<\/script>\n<!-- \/ Yoast SEO plugin. -->","yoast_head_json":{"title":"57e anniversaire de la disparition d\u2019Eug\u00e8ne Chavant - Association nationale des pionniers et combattants volontaires du maquis du Vercors","robots":{"index":"index","follow":"follow","max-snippet":"max-snippet:-1","max-image-preview":"max-image-preview:large","max-video-preview":"max-video-preview:-1"},"canonical":"https:\/\/www.vercors-resistance.fr\/57e-anniversaire-de-la-disparition-deugene-chavant\/","og_locale":"de_DE","og_type":"article","og_title":"57e anniversaire de la disparition d\u2019Eug\u00e8ne Chavant - Association nationale des pionniers et combattants volontaires du maquis du Vercors","og_description":"La c\u00e9r\u00e9monie en hommage \u00e0 Eug\u00e8ne Chavant s\u2019est d\u00e9roul\u00e9e le 25 janvier devant le monument qui rappelle le souvenir de celui qui fut le chef civil du Vercors. Pour la premi\u00e8re fois, elle avait lieu en l\u2019absence de Daniel Huillier. C\u00e9r\u00e9monie particuli\u00e8re, que celle du 57e anniversaire de la disparition d\u2019Eug\u00e8ne Chavant. C\u2019\u00e9tait en effet (...) Lire la suite","og_url":"https:\/\/www.vercors-resistance.fr\/57e-anniversaire-de-la-disparition-deugene-chavant\/","og_site_name":"Association nationale des pionniers et combattants volontaires du maquis du Vercors","article_published_time":"2026-01-27T11:05:46+00:00","article_modified_time":"2026-01-27T11:05:52+00:00","og_image":[{"width":1340,"height":400,"url":"https:\/\/www.vercors-resistance.fr\/wp-content\/uploads\/2026\/01\/Banniere.jpg","type":"image\/jpeg"}],"author":"michelpernet","twitter_card":"summary_large_image","twitter_misc":{"Verfasst von":"michelpernet","Gesch\u00e4tzte Lesezeit":"4\u00a0Minuten"},"schema":{"@context":"https:\/\/schema.org","@graph":[{"@type":"Article","@id":"https:\/\/www.vercors-resistance.fr\/57e-anniversaire-de-la-disparition-deugene-chavant\/#article","isPartOf":{"@id":"https:\/\/www.vercors-resistance.fr\/57e-anniversaire-de-la-disparition-deugene-chavant\/"},"author":{"name":"michelpernet","@id":"https:\/\/www.vercors-resistance.fr\/#\/schema\/person\/bad94cfc368de0a0d982d859d16704cc"},"headline":"57e anniversaire de la disparition d\u2019Eug\u00e8ne Chavant","datePublished":"2026-01-27T11:05:46+00:00","dateModified":"2026-01-27T11:05:52+00:00","mainEntityOfPage":{"@id":"https:\/\/www.vercors-resistance.fr\/57e-anniversaire-de-la-disparition-deugene-chavant\/"},"wordCount":616,"commentCount":0,"image":{"@id":"https:\/\/www.vercors-resistance.fr\/57e-anniversaire-de-la-disparition-deugene-chavant\/#primaryimage"},"thumbnailUrl":"https:\/\/www.vercors-resistance.fr\/wp-content\/uploads\/2026\/01\/Banniere.jpg","articleSection":["C\u00e9r\u00e9monies"],"inLanguage":"de","potentialAction":[{"@type":"CommentAction","name":"Comment","target":["https:\/\/www.vercors-resistance.fr\/57e-anniversaire-de-la-disparition-deugene-chavant\/#respond"]}]},{"@type":"WebPage","@id":"https:\/\/www.vercors-resistance.fr\/57e-anniversaire-de-la-disparition-deugene-chavant\/","url":"https:\/\/www.vercors-resistance.fr\/57e-anniversaire-de-la-disparition-deugene-chavant\/","name":"57e anniversaire de la disparition d\u2019Eug\u00e8ne Chavant - Association nationale des pionniers et combattants volontaires du maquis du Vercors","isPartOf":{"@id":"https:\/\/www.vercors-resistance.fr\/#website"},"primaryImageOfPage":{"@id":"https:\/\/www.vercors-resistance.fr\/57e-anniversaire-de-la-disparition-deugene-chavant\/#primaryimage"},"image":{"@id":"https:\/\/www.vercors-resistance.fr\/57e-anniversaire-de-la-disparition-deugene-chavant\/#primaryimage"},"thumbnailUrl":"https:\/\/www.vercors-resistance.fr\/wp-content\/uploads\/2026\/01\/Banniere.jpg","datePublished":"2026-01-27T11:05:46+00:00","dateModified":"2026-01-27T11:05:52+00:00","author":{"@id":"https:\/\/www.vercors-resistance.fr\/#\/schema\/person\/bad94cfc368de0a0d982d859d16704cc"},"breadcrumb":{"@id":"https:\/\/www.vercors-resistance.fr\/57e-anniversaire-de-la-disparition-deugene-chavant\/#breadcrumb"},"inLanguage":"de","potentialAction":[{"@type":"ReadAction","target":["https:\/\/www.vercors-resistance.fr\/57e-anniversaire-de-la-disparition-deugene-chavant\/"]}]},{"@type":"ImageObject","inLanguage":"de","@id":"https:\/\/www.vercors-resistance.fr\/57e-anniversaire-de-la-disparition-deugene-chavant\/#primaryimage","url":"https:\/\/www.vercors-resistance.fr\/wp-content\/uploads\/2026\/01\/Banniere.jpg","contentUrl":"https:\/\/www.vercors-resistance.fr\/wp-content\/uploads\/2026\/01\/Banniere.jpg","width":1340,"height":400},{"@type":"BreadcrumbList","@id":"https:\/\/www.vercors-resistance.fr\/57e-anniversaire-de-la-disparition-deugene-chavant\/#breadcrumb","itemListElement":[{"@type":"ListItem","position":1,"name":"Accueil","item":"https:\/\/www.vercors-resistance.fr\/"},{"@type":"ListItem","position":2,"name":"57e anniversaire de la disparition d\u2019Eug\u00e8ne Chavant"}]},{"@type":"WebSite","@id":"https:\/\/www.vercors-resistance.fr\/#website","url":"https:\/\/www.vercors-resistance.fr\/","name":"Association nationale des pionniers et combattants volontaires du maquis du Vercors","description":"La flamme de la r\u00e9sistance fran\u00e7aise ne doit pas s\u2019\u00e9teindre et ne s\u2019\u00e9teindra pas &lt;span&gt;Charles de Gaulle, appel du 18 juin 1940&lt;\/span&gt;","potentialAction":[{"@type":"SearchAction","target":{"@type":"EntryPoint","urlTemplate":"https:\/\/www.vercors-resistance.fr\/?s={search_term_string}"},"query-input":{"@type":"PropertyValueSpecification","valueRequired":true,"valueName":"search_term_string"}}],"inLanguage":"de"},{"@type":"Person","@id":"https:\/\/www.vercors-resistance.fr\/#\/schema\/person\/bad94cfc368de0a0d982d859d16704cc","name":"michelpernet","image":{"@type":"ImageObject","inLanguage":"de","@id":"https:\/\/www.vercors-resistance.fr\/#\/schema\/person\/image\/","url":"https:\/\/secure.gravatar.com\/avatar\/d3d03c6734601c1b589c79554c8185c5ccf1c1890b4ba9aaed05a28baedc4718?s=96&d=mm&r=g","contentUrl":"https:\/\/secure.gravatar.com\/avatar\/d3d03c6734601c1b589c79554c8185c5ccf1c1890b4ba9aaed05a28baedc4718?s=96&d=mm&r=g","caption":"michelpernet"},"url":"https:\/\/www.vercors-resistance.fr\/de\/author\/michelpernet\/"}]}},"_links":{"self":[{"href":"https:\/\/www.vercors-resistance.fr\/de\/wp-json\/wp\/v2\/posts\/9420","targetHints":{"allow":["GET"]}}],"collection":[{"href":"https:\/\/www.vercors-resistance.fr\/de\/wp-json\/wp\/v2\/posts"}],"about":[{"href":"https:\/\/www.vercors-resistance.fr\/de\/wp-json\/wp\/v2\/types\/post"}],"author":[{"embeddable":true,"href":"https:\/\/www.vercors-resistance.fr\/de\/wp-json\/wp\/v2\/users\/2"}],"replies":[{"embeddable":true,"href":"https:\/\/www.vercors-resistance.fr\/de\/wp-json\/wp\/v2\/comments?post=9420"}],"version-history":[{"count":1,"href":"https:\/\/www.vercors-resistance.fr\/de\/wp-json\/wp\/v2\/posts\/9420\/revisions"}],"predecessor-version":[{"id":9436,"href":"https:\/\/www.vercors-resistance.fr\/de\/wp-json\/wp\/v2\/posts\/9420\/revisions\/9436"}],"wp:featuredmedia":[{"embeddable":true,"href":"https:\/\/www.vercors-resistance.fr\/de\/wp-json\/wp\/v2\/media\/9433"}],"wp:attachment":[{"href":"https:\/\/www.vercors-resistance.fr\/de\/wp-json\/wp\/v2\/media?parent=9420"}],"wp:term":[{"taxonomy":"category","embeddable":true,"href":"https:\/\/www.vercors-resistance.fr\/de\/wp-json\/wp\/v2\/categories?post=9420"},{"taxonomy":"post_tag","embeddable":true,"href":"https:\/\/www.vercors-resistance.fr\/de\/wp-json\/wp\/v2\/tags?post=9420"}],"curies":[{"name":"wp","href":"https:\/\/api.w.org\/{rel}","templated":true}]}}