{"id":9570,"date":"2026-04-15T15:48:33","date_gmt":"2026-04-15T13:48:33","guid":{"rendered":"https:\/\/www.vercors-resistance.fr\/?p=9570"},"modified":"2026-04-30T15:54:14","modified_gmt":"2026-04-30T13:54:14","slug":"soixante-ans-apres-sa-disparition-lhommage-rendu-a-un-resistant","status":"publish","type":"post","link":"https:\/\/www.vercors-resistance.fr\/en\/soixante-ans-apres-sa-disparition-lhommage-rendu-a-un-resistant\/","title":{"rendered":"Soixante ans apr\u00e8s sa disparition, l\u2019hommage rendu \u00e0 un r\u00e9sistant"},"content":{"rendered":"\n<h4 class=\"wp-block-heading\">La m\u00e9moire de Marcel Mo\u00efse Benkemoun avait \u00e9t\u00e9 oubli\u00e9, sa tombe devenue anonyme. Le travail d\u2019un membre des Pionniers du Vercors et de sa ni\u00e8ce ont permis de mettre au jour le parcours de celui qui fut un r\u00e9sistant du Vercors. Une c\u00e9r\u00e9monie lui a rendu hommage en mars dernier.<\/h4>\n\n\n\n<p>Marcel Mo\u00efse Benkemoun est d\u00e9c\u00e9d\u00e9 le 8 janvier 1967. Il est alors inhum\u00e9 dans le caveau familial de son \u00e9pouse, Cl\u00e9mentine David, au cimeti\u00e8re Saint Roch \u00e0 Grenoble. Sans descendance, le caveau n&#8217;est pas entretenu pendant de nombreuses ann\u00e9es.<\/p>\n\n\n\n<p>C&#8217;est au cours de recherches men\u00e9es par un adh\u00e9rent de l\u2019association des Pionniers du Vercors que le lien est fait avec Lydia Athurion, sa ni\u00e8ce, qu&#8217;il souhaitait adopter. D\u00e9bute alors un travail de mise au jour de documents, \u00e0 partir du mois de janvier 2025, conduit par ce membre des Pionniers et Lydia Athurion. C\u2019est le parcours d\u2019un r\u00e9sistant du Vercors qui est ainsi sorti de l\u2019oubli.<\/p>\n\n\n\n<figure class=\"wp-block-image size-full\"><img loading=\"lazy\" decoding=\"async\" width=\"800\" height=\"533\" src=\"https:\/\/www.vercors-resistance.fr\/wp-content\/uploads\/2026\/04\/M-Benkemoun-unadif38-PhB-51.jpg\" alt=\"\" class=\"wp-image-9561\" srcset=\"https:\/\/www.vercors-resistance.fr\/wp-content\/uploads\/2026\/04\/M-Benkemoun-unadif38-PhB-51.jpg 800w, https:\/\/www.vercors-resistance.fr\/wp-content\/uploads\/2026\/04\/M-Benkemoun-unadif38-PhB-51-300x200.jpg 300w, https:\/\/www.vercors-resistance.fr\/wp-content\/uploads\/2026\/04\/M-Benkemoun-unadif38-PhB-51-768x512.jpg 768w\" sizes=\"auto, (max-width: 800px) 100vw, 800px\" \/><figcaption class=\"wp-element-caption\">La tombe de Marcel Mo\u00efse Benkemoun a retrouv\u00e9 toute sa dignit\u00e9. <em>(Photos Unadif38 PhB)<\/em><\/figcaption><\/figure>\n\n\n\n<p>Marcel Moise Benkemoun, n\u00e9 en 1893 \u00e0 Alger, a \u00e9t\u00e9 mobilis\u00e9 lors de la Premi\u00e8re Guerre mondiale. Il est bless\u00e9 et d\u00e9cor\u00e9 de la M\u00e9daille militaire &#8211; Croix de guerre 14-18. Puis, il s&#8217;installe \u00e0 Grenoble, loin de sa famille.&nbsp;<\/p>\n\n\n\n<p>Le 1<sup>er<\/sup> janvier 1943, il rejoint le maquis du Vercors, affect\u00e9 au PC civil, incorpor\u00e9 dans le groupe des francs tireurs o\u00f9 il assure des fonctions de renseignement et de propagande.&nbsp;D\u00e9nonc\u00e9, Marcel Benkemoun est arr\u00eat\u00e9 par la Gestapo au caf\u00e9 Quezel, cours Berriat puis, il est transf\u00e9r\u00e9 \u00e0 Drancy et d\u00e9port\u00e9 le 27 mars 1943 \u00e0 Auschwitz wagon 70. Prot\u00e9g\u00e9 par un m\u00e9decin allemand, il sera lib\u00e9r\u00e9 en mai 1944 et se marie dans la foul\u00e9e. La guerre a laiss\u00e9 des traces ind\u00e9l\u00e9biles et Marcel Benkemoun est pensionn\u00e9 \u00e0 100% et propos\u00e9 au grade d\u2019 officier de la l\u00e9gion d&#8217;honneur dont il est d\u00e9cor\u00e9 le 6 avril 1963.<\/p>\n\n\n\n<figure class=\"wp-block-image size-full\"><img loading=\"lazy\" decoding=\"async\" width=\"800\" height=\"533\" src=\"https:\/\/www.vercors-resistance.fr\/wp-content\/uploads\/2026\/04\/M-Benkemoun-Lydia-Athurion-unadif38-PhB-20.jpg\" alt=\"\" class=\"wp-image-9555\" srcset=\"https:\/\/www.vercors-resistance.fr\/wp-content\/uploads\/2026\/04\/M-Benkemoun-Lydia-Athurion-unadif38-PhB-20.jpg 800w, https:\/\/www.vercors-resistance.fr\/wp-content\/uploads\/2026\/04\/M-Benkemoun-Lydia-Athurion-unadif38-PhB-20-300x200.jpg 300w, https:\/\/www.vercors-resistance.fr\/wp-content\/uploads\/2026\/04\/M-Benkemoun-Lydia-Athurion-unadif38-PhB-20-768x512.jpg 768w\" sizes=\"auto, (max-width: 800px) 100vw, 800px\" \/><figcaption class=\"wp-element-caption\">Lydia Athurion a prononc\u00e9 une allocution charg\u00e9e d&#8217;\u00e9motion.<\/figcaption><\/figure>\n\n\n\n<p>C\u2019est ce parcours, devant sa tombe r\u00e9nov\u00e9e, qui a \u00e9t\u00e9 \u00e9voqu\u00e9 lors d\u2019une c\u00e9r\u00e9monie qui a eu lieu, \u00e0 l\u2019initiative des Pionniers, au cimeti\u00e8re Saint-Roch de Grenoble le 25 mars dernier. Elle s&#8217;est d\u00e9roul\u00e9e en pr\u00e9sence notamment d\u2019Isabelle Peters, adjointe \u00e0 la maire de Grenoble&nbsp;; d\u2019\u00c9ric Bois, d\u00e9l\u00e9gu\u00e9 g\u00e9n\u00e9ral du Souvenir fran\u00e7ais et d\u2019\u00c9velyne Lellouche, secr\u00e9taire de la Hevra Kaddisha de Grenoble, aux c\u00f4t\u00e9s de nombreux porte-drapeaux et repr\u00e9sentants d\u2019associations m\u00e9morielles.<\/p>\n\n\n\n<p>Une c\u00e9r\u00e9monie qui aura \u00e9t\u00e9 marqu\u00e9e par la prise de parole de Lydia Athurion qui a \u00e9voqu\u00e9 les recherches conduites pour retrouver la m\u00e9moire de celui qui fut un r\u00e9sistant, un d\u00e9port\u00e9, et lui rendre, cinq d\u00e9cennies apr\u00e8s sa disparition, l\u2019hommage qui lui est d\u00fb.<\/p>\n\n\n\n<figure class=\"wp-block-image size-full\"><img loading=\"lazy\" decoding=\"async\" width=\"800\" height=\"533\" src=\"https:\/\/www.vercors-resistance.fr\/wp-content\/uploads\/2026\/04\/M-Benkemoun-Pionniers-unadif38-PhB-49.jpg\" alt=\"\" class=\"wp-image-9564\" srcset=\"https:\/\/www.vercors-resistance.fr\/wp-content\/uploads\/2026\/04\/M-Benkemoun-Pionniers-unadif38-PhB-49.jpg 800w, https:\/\/www.vercors-resistance.fr\/wp-content\/uploads\/2026\/04\/M-Benkemoun-Pionniers-unadif38-PhB-49-300x200.jpg 300w, https:\/\/www.vercors-resistance.fr\/wp-content\/uploads\/2026\/04\/M-Benkemoun-Pionniers-unadif38-PhB-49-768x512.jpg 768w\" sizes=\"auto, (max-width: 800px) 100vw, 800px\" \/><figcaption class=\"wp-element-caption\">Pierre Buisson et Roger Ceccato ont d\u00e9pos\u00e9 la gerbe de l&#8217;Association nationale des pionniers et combattants volontaires du maquis du Vercors, familles et amis.<\/figcaption><\/figure>\n\n\n\n<p>Apr\u00e8s une pri\u00e8re en h\u00e9breu, <em>El Male <\/em>Rahamim, les d\u00e9p\u00f4ts de gerbes, le Chant des partisans et le salut aux porte drapeaux ont conclu une c\u00e9r\u00e9monie charg\u00e9e d\u2019\u00e9motion.<\/p>\n\n\n\n<figure class=\"wp-block-image size-full\"><img loading=\"lazy\" decoding=\"async\" width=\"800\" height=\"533\" src=\"https:\/\/www.vercors-resistance.fr\/wp-content\/uploads\/2026\/04\/M-Benkemoun-Lydia-Athurion-Peters-unadif38-PhB-05.jpg\" alt=\"\" class=\"wp-image-9567\" srcset=\"https:\/\/www.vercors-resistance.fr\/wp-content\/uploads\/2026\/04\/M-Benkemoun-Lydia-Athurion-Peters-unadif38-PhB-05.jpg 800w, https:\/\/www.vercors-resistance.fr\/wp-content\/uploads\/2026\/04\/M-Benkemoun-Lydia-Athurion-Peters-unadif38-PhB-05-300x200.jpg 300w, https:\/\/www.vercors-resistance.fr\/wp-content\/uploads\/2026\/04\/M-Benkemoun-Lydia-Athurion-Peters-unadif38-PhB-05-768x512.jpg 768w\" sizes=\"auto, (max-width: 800px) 100vw, 800px\" \/><figcaption class=\"wp-element-caption\">Isabelle Peters, adjointe, repr\u00e9sentait la ville de Grenoble parmi d&#8217;autres \u00e9lus.<\/figcaption><\/figure>\n\n\n\n<figure class=\"wp-block-image size-full\"><img loading=\"lazy\" decoding=\"async\" width=\"800\" height=\"533\" src=\"https:\/\/www.vercors-resistance.fr\/wp-content\/uploads\/2026\/04\/M-Benkemoun-porte-drapeau-unadif38-PhB-31.jpg\" alt=\"\" class=\"wp-image-9558\" srcset=\"https:\/\/www.vercors-resistance.fr\/wp-content\/uploads\/2026\/04\/M-Benkemoun-porte-drapeau-unadif38-PhB-31.jpg 800w, https:\/\/www.vercors-resistance.fr\/wp-content\/uploads\/2026\/04\/M-Benkemoun-porte-drapeau-unadif38-PhB-31-300x200.jpg 300w, https:\/\/www.vercors-resistance.fr\/wp-content\/uploads\/2026\/04\/M-Benkemoun-porte-drapeau-unadif38-PhB-31-768x512.jpg 768w\" sizes=\"auto, (max-width: 800px) 100vw, 800px\" \/><\/figure>\n","protected":false},"excerpt":{"rendered":"<p>La m\u00e9moire de Marcel Mo\u00efse Benkemoun avait \u00e9t\u00e9 oubli\u00e9, sa tombe devenue anonyme. Le travail d\u2019un membre des Pionniers du Vercors et de sa ni\u00e8ce ont permis de mettre au jour le parcours de celui qui fut un r\u00e9sistant du Vercors. Une c\u00e9r\u00e9monie lui a rendu hommage en mars dernier. Marcel Mo\u00efse Benkemoun est d\u00e9c\u00e9d\u00e9 (&#8230;) <a href=\"https:\/\/www.vercors-resistance.fr\/en\/soixante-ans-apres-sa-disparition-lhommage-rendu-a-un-resistant\/\">Lire la suite<\/a><\/p>\n","protected":false},"author":2,"featured_media":9552,"comment_status":"open","ping_status":"open","sticky":false,"template":"","format":"standard","meta":{"_acf_changed":false,"_exactmetrics_skip_tracking":false,"_exactmetrics_sitenote_active":false,"_exactmetrics_sitenote_note":"","_exactmetrics_sitenote_category":0,"footnotes":""},"categories":[43,49],"tags":[],"class_list":["post-9570","post","type-post","status-publish","format-standard","has-post-thumbnail","hentry","category-ceremonies","category-memoire"],"acf":[],"yoast_head":"<!-- This site is optimized with the Yoast SEO plugin v26.7 - https:\/\/yoast.com\/wordpress\/plugins\/seo\/ -->\n<title>Soixante ans apr\u00e8s sa disparition, l\u2019hommage rendu \u00e0 un r\u00e9sistant - Association nationale des pionniers et combattants volontaires du maquis du Vercors<\/title>\n<meta name=\"robots\" content=\"index, follow, max-snippet:-1, max-image-preview:large, max-video-preview:-1\" \/>\n<link rel=\"canonical\" href=\"https:\/\/www.vercors-resistance.fr\/soixante-ans-apres-sa-disparition-lhommage-rendu-a-un-resistant\/\" \/>\n<meta property=\"og:locale\" content=\"en_US\" \/>\n<meta property=\"og:type\" content=\"article\" \/>\n<meta property=\"og:title\" content=\"Soixante ans apr\u00e8s sa disparition, l\u2019hommage rendu \u00e0 un r\u00e9sistant - Association nationale des pionniers et combattants volontaires du maquis du Vercors\" \/>\n<meta property=\"og:description\" content=\"La m\u00e9moire de Marcel Mo\u00efse Benkemoun avait \u00e9t\u00e9 oubli\u00e9, sa tombe devenue anonyme. Le travail d\u2019un membre des Pionniers du Vercors et de sa ni\u00e8ce ont permis de mettre au jour le parcours de celui qui fut un r\u00e9sistant du Vercors. Une c\u00e9r\u00e9monie lui a rendu hommage en mars dernier. Marcel Mo\u00efse Benkemoun est d\u00e9c\u00e9d\u00e9 (...) Lire la suite\" \/>\n<meta property=\"og:url\" content=\"https:\/\/www.vercors-resistance.fr\/soixante-ans-apres-sa-disparition-lhommage-rendu-a-un-resistant\/\" \/>\n<meta property=\"og:site_name\" content=\"Association nationale des pionniers et combattants volontaires du maquis du Vercors\" \/>\n<meta property=\"article:published_time\" content=\"2026-04-15T13:48:33+00:00\" \/>\n<meta property=\"article:modified_time\" content=\"2026-04-30T13:54:14+00:00\" \/>\n<meta property=\"og:image\" content=\"https:\/\/www.vercors-resistance.fr\/wp-content\/uploads\/2026\/04\/M-Benkemoun-banniere-unadif38-PhB-78.jpg\" \/>\n\t<meta property=\"og:image:width\" content=\"1340\" \/>\n\t<meta property=\"og:image:height\" content=\"500\" \/>\n\t<meta property=\"og:image:type\" content=\"image\/jpeg\" \/>\n<meta name=\"author\" content=\"michelpernet\" \/>\n<meta name=\"twitter:card\" content=\"summary_large_image\" \/>\n<meta name=\"twitter:label1\" content=\"Written by\" \/>\n\t<meta name=\"twitter:data1\" content=\"michelpernet\" \/>\n\t<meta name=\"twitter:label2\" content=\"Est. reading time\" \/>\n\t<meta name=\"twitter:data2\" content=\"4 minutes\" \/>\n<script type=\"application\/ld+json\" class=\"yoast-schema-graph\">{\"@context\":\"https:\/\/schema.org\",\"@graph\":[{\"@type\":\"Article\",\"@id\":\"https:\/\/www.vercors-resistance.fr\/soixante-ans-apres-sa-disparition-lhommage-rendu-a-un-resistant\/#article\",\"isPartOf\":{\"@id\":\"https:\/\/www.vercors-resistance.fr\/soixante-ans-apres-sa-disparition-lhommage-rendu-a-un-resistant\/\"},\"author\":{\"name\":\"michelpernet\",\"@id\":\"https:\/\/www.vercors-resistance.fr\/#\/schema\/person\/bad94cfc368de0a0d982d859d16704cc\"},\"headline\":\"Soixante ans apr\u00e8s sa disparition, l\u2019hommage rendu \u00e0 un r\u00e9sistant\",\"datePublished\":\"2026-04-15T13:48:33+00:00\",\"dateModified\":\"2026-04-30T13:54:14+00:00\",\"mainEntityOfPage\":{\"@id\":\"https:\/\/www.vercors-resistance.fr\/soixante-ans-apres-sa-disparition-lhommage-rendu-a-un-resistant\/\"},\"wordCount\":592,\"commentCount\":0,\"image\":{\"@id\":\"https:\/\/www.vercors-resistance.fr\/soixante-ans-apres-sa-disparition-lhommage-rendu-a-un-resistant\/#primaryimage\"},\"thumbnailUrl\":\"https:\/\/www.vercors-resistance.fr\/wp-content\/uploads\/2026\/04\/M-Benkemoun-banniere-unadif38-PhB-78.jpg\",\"articleSection\":[\"C\u00e9r\u00e9monies\",\"M\u00e9moire\"],\"inLanguage\":\"en-US\",\"potentialAction\":[{\"@type\":\"CommentAction\",\"name\":\"Comment\",\"target\":[\"https:\/\/www.vercors-resistance.fr\/soixante-ans-apres-sa-disparition-lhommage-rendu-a-un-resistant\/#respond\"]}]},{\"@type\":\"WebPage\",\"@id\":\"https:\/\/www.vercors-resistance.fr\/soixante-ans-apres-sa-disparition-lhommage-rendu-a-un-resistant\/\",\"url\":\"https:\/\/www.vercors-resistance.fr\/soixante-ans-apres-sa-disparition-lhommage-rendu-a-un-resistant\/\",\"name\":\"Soixante ans apr\u00e8s sa disparition, l\u2019hommage rendu \u00e0 un r\u00e9sistant - Association nationale des pionniers et combattants volontaires du maquis du Vercors\",\"isPartOf\":{\"@id\":\"https:\/\/www.vercors-resistance.fr\/#website\"},\"primaryImageOfPage\":{\"@id\":\"https:\/\/www.vercors-resistance.fr\/soixante-ans-apres-sa-disparition-lhommage-rendu-a-un-resistant\/#primaryimage\"},\"image\":{\"@id\":\"https:\/\/www.vercors-resistance.fr\/soixante-ans-apres-sa-disparition-lhommage-rendu-a-un-resistant\/#primaryimage\"},\"thumbnailUrl\":\"https:\/\/www.vercors-resistance.fr\/wp-content\/uploads\/2026\/04\/M-Benkemoun-banniere-unadif38-PhB-78.jpg\",\"datePublished\":\"2026-04-15T13:48:33+00:00\",\"dateModified\":\"2026-04-30T13:54:14+00:00\",\"author\":{\"@id\":\"https:\/\/www.vercors-resistance.fr\/#\/schema\/person\/bad94cfc368de0a0d982d859d16704cc\"},\"breadcrumb\":{\"@id\":\"https:\/\/www.vercors-resistance.fr\/soixante-ans-apres-sa-disparition-lhommage-rendu-a-un-resistant\/#breadcrumb\"},\"inLanguage\":\"en-US\",\"potentialAction\":[{\"@type\":\"ReadAction\",\"target\":[\"https:\/\/www.vercors-resistance.fr\/soixante-ans-apres-sa-disparition-lhommage-rendu-a-un-resistant\/\"]}]},{\"@type\":\"ImageObject\",\"inLanguage\":\"en-US\",\"@id\":\"https:\/\/www.vercors-resistance.fr\/soixante-ans-apres-sa-disparition-lhommage-rendu-a-un-resistant\/#primaryimage\",\"url\":\"https:\/\/www.vercors-resistance.fr\/wp-content\/uploads\/2026\/04\/M-Benkemoun-banniere-unadif38-PhB-78.jpg\",\"contentUrl\":\"https:\/\/www.vercors-resistance.fr\/wp-content\/uploads\/2026\/04\/M-Benkemoun-banniere-unadif38-PhB-78.jpg\",\"width\":1340,\"height\":500},{\"@type\":\"BreadcrumbList\",\"@id\":\"https:\/\/www.vercors-resistance.fr\/soixante-ans-apres-sa-disparition-lhommage-rendu-a-un-resistant\/#breadcrumb\",\"itemListElement\":[{\"@type\":\"ListItem\",\"position\":1,\"name\":\"Accueil\",\"item\":\"https:\/\/www.vercors-resistance.fr\/en\/\"},{\"@type\":\"ListItem\",\"position\":2,\"name\":\"Soixante ans apr\u00e8s sa disparition, l\u2019hommage rendu \u00e0 un r\u00e9sistant\"}]},{\"@type\":\"WebSite\",\"@id\":\"https:\/\/www.vercors-resistance.fr\/#website\",\"url\":\"https:\/\/www.vercors-resistance.fr\/\",\"name\":\"Association nationale des pionniers et combattants volontaires du maquis du Vercors\",\"description\":\"La flamme de la r\u00e9sistance fran\u00e7aise ne doit pas s\u2019\u00e9teindre et ne s\u2019\u00e9teindra pas &lt;span&gt;Charles de Gaulle, appel du 18 juin 1940&lt;\/span&gt;\",\"potentialAction\":[{\"@type\":\"SearchAction\",\"target\":{\"@type\":\"EntryPoint\",\"urlTemplate\":\"https:\/\/www.vercors-resistance.fr\/?s={search_term_string}\"},\"query-input\":{\"@type\":\"PropertyValueSpecification\",\"valueRequired\":true,\"valueName\":\"search_term_string\"}}],\"inLanguage\":\"en-US\"},{\"@type\":\"Person\",\"@id\":\"https:\/\/www.vercors-resistance.fr\/#\/schema\/person\/bad94cfc368de0a0d982d859d16704cc\",\"name\":\"michelpernet\",\"image\":{\"@type\":\"ImageObject\",\"inLanguage\":\"en-US\",\"@id\":\"https:\/\/www.vercors-resistance.fr\/#\/schema\/person\/image\/\",\"url\":\"https:\/\/secure.gravatar.com\/avatar\/d3d03c6734601c1b589c79554c8185c5ccf1c1890b4ba9aaed05a28baedc4718?s=96&d=mm&r=g\",\"contentUrl\":\"https:\/\/secure.gravatar.com\/avatar\/d3d03c6734601c1b589c79554c8185c5ccf1c1890b4ba9aaed05a28baedc4718?s=96&d=mm&r=g\",\"caption\":\"michelpernet\"},\"url\":\"https:\/\/www.vercors-resistance.fr\/en\/author\/michelpernet\/\"}]}<\/script>\n<!-- \/ Yoast SEO plugin. -->","yoast_head_json":{"title":"Soixante ans apr\u00e8s sa disparition, l\u2019hommage rendu \u00e0 un r\u00e9sistant - Association nationale des pionniers et combattants volontaires du maquis du Vercors","robots":{"index":"index","follow":"follow","max-snippet":"max-snippet:-1","max-image-preview":"max-image-preview:large","max-video-preview":"max-video-preview:-1"},"canonical":"https:\/\/www.vercors-resistance.fr\/soixante-ans-apres-sa-disparition-lhommage-rendu-a-un-resistant\/","og_locale":"en_US","og_type":"article","og_title":"Soixante ans apr\u00e8s sa disparition, l\u2019hommage rendu \u00e0 un r\u00e9sistant - Association nationale des pionniers et combattants volontaires du maquis du Vercors","og_description":"La m\u00e9moire de Marcel Mo\u00efse Benkemoun avait \u00e9t\u00e9 oubli\u00e9, sa tombe devenue anonyme. Le travail d\u2019un membre des Pionniers du Vercors et de sa ni\u00e8ce ont permis de mettre au jour le parcours de celui qui fut un r\u00e9sistant du Vercors. Une c\u00e9r\u00e9monie lui a rendu hommage en mars dernier. Marcel Mo\u00efse Benkemoun est d\u00e9c\u00e9d\u00e9 (...) Lire la suite","og_url":"https:\/\/www.vercors-resistance.fr\/soixante-ans-apres-sa-disparition-lhommage-rendu-a-un-resistant\/","og_site_name":"Association nationale des pionniers et combattants volontaires du maquis du Vercors","article_published_time":"2026-04-15T13:48:33+00:00","article_modified_time":"2026-04-30T13:54:14+00:00","og_image":[{"width":1340,"height":500,"url":"https:\/\/www.vercors-resistance.fr\/wp-content\/uploads\/2026\/04\/M-Benkemoun-banniere-unadif38-PhB-78.jpg","type":"image\/jpeg"}],"author":"michelpernet","twitter_card":"summary_large_image","twitter_misc":{"Written by":"michelpernet","Est. reading time":"4 minutes"},"schema":{"@context":"https:\/\/schema.org","@graph":[{"@type":"Article","@id":"https:\/\/www.vercors-resistance.fr\/soixante-ans-apres-sa-disparition-lhommage-rendu-a-un-resistant\/#article","isPartOf":{"@id":"https:\/\/www.vercors-resistance.fr\/soixante-ans-apres-sa-disparition-lhommage-rendu-a-un-resistant\/"},"author":{"name":"michelpernet","@id":"https:\/\/www.vercors-resistance.fr\/#\/schema\/person\/bad94cfc368de0a0d982d859d16704cc"},"headline":"Soixante ans apr\u00e8s sa disparition, l\u2019hommage rendu \u00e0 un r\u00e9sistant","datePublished":"2026-04-15T13:48:33+00:00","dateModified":"2026-04-30T13:54:14+00:00","mainEntityOfPage":{"@id":"https:\/\/www.vercors-resistance.fr\/soixante-ans-apres-sa-disparition-lhommage-rendu-a-un-resistant\/"},"wordCount":592,"commentCount":0,"image":{"@id":"https:\/\/www.vercors-resistance.fr\/soixante-ans-apres-sa-disparition-lhommage-rendu-a-un-resistant\/#primaryimage"},"thumbnailUrl":"https:\/\/www.vercors-resistance.fr\/wp-content\/uploads\/2026\/04\/M-Benkemoun-banniere-unadif38-PhB-78.jpg","articleSection":["C\u00e9r\u00e9monies","M\u00e9moire"],"inLanguage":"en-US","potentialAction":[{"@type":"CommentAction","name":"Comment","target":["https:\/\/www.vercors-resistance.fr\/soixante-ans-apres-sa-disparition-lhommage-rendu-a-un-resistant\/#respond"]}]},{"@type":"WebPage","@id":"https:\/\/www.vercors-resistance.fr\/soixante-ans-apres-sa-disparition-lhommage-rendu-a-un-resistant\/","url":"https:\/\/www.vercors-resistance.fr\/soixante-ans-apres-sa-disparition-lhommage-rendu-a-un-resistant\/","name":"Soixante ans apr\u00e8s sa disparition, l\u2019hommage rendu \u00e0 un r\u00e9sistant - Association nationale des pionniers et combattants volontaires du maquis du Vercors","isPartOf":{"@id":"https:\/\/www.vercors-resistance.fr\/#website"},"primaryImageOfPage":{"@id":"https:\/\/www.vercors-resistance.fr\/soixante-ans-apres-sa-disparition-lhommage-rendu-a-un-resistant\/#primaryimage"},"image":{"@id":"https:\/\/www.vercors-resistance.fr\/soixante-ans-apres-sa-disparition-lhommage-rendu-a-un-resistant\/#primaryimage"},"thumbnailUrl":"https:\/\/www.vercors-resistance.fr\/wp-content\/uploads\/2026\/04\/M-Benkemoun-banniere-unadif38-PhB-78.jpg","datePublished":"2026-04-15T13:48:33+00:00","dateModified":"2026-04-30T13:54:14+00:00","author":{"@id":"https:\/\/www.vercors-resistance.fr\/#\/schema\/person\/bad94cfc368de0a0d982d859d16704cc"},"breadcrumb":{"@id":"https:\/\/www.vercors-resistance.fr\/soixante-ans-apres-sa-disparition-lhommage-rendu-a-un-resistant\/#breadcrumb"},"inLanguage":"en-US","potentialAction":[{"@type":"ReadAction","target":["https:\/\/www.vercors-resistance.fr\/soixante-ans-apres-sa-disparition-lhommage-rendu-a-un-resistant\/"]}]},{"@type":"ImageObject","inLanguage":"en-US","@id":"https:\/\/www.vercors-resistance.fr\/soixante-ans-apres-sa-disparition-lhommage-rendu-a-un-resistant\/#primaryimage","url":"https:\/\/www.vercors-resistance.fr\/wp-content\/uploads\/2026\/04\/M-Benkemoun-banniere-unadif38-PhB-78.jpg","contentUrl":"https:\/\/www.vercors-resistance.fr\/wp-content\/uploads\/2026\/04\/M-Benkemoun-banniere-unadif38-PhB-78.jpg","width":1340,"height":500},{"@type":"BreadcrumbList","@id":"https:\/\/www.vercors-resistance.fr\/soixante-ans-apres-sa-disparition-lhommage-rendu-a-un-resistant\/#breadcrumb","itemListElement":[{"@type":"ListItem","position":1,"name":"Accueil","item":"https:\/\/www.vercors-resistance.fr\/en\/"},{"@type":"ListItem","position":2,"name":"Soixante ans apr\u00e8s sa disparition, l\u2019hommage rendu \u00e0 un r\u00e9sistant"}]},{"@type":"WebSite","@id":"https:\/\/www.vercors-resistance.fr\/#website","url":"https:\/\/www.vercors-resistance.fr\/","name":"Association nationale des pionniers et combattants volontaires du maquis du Vercors","description":"La flamme de la r\u00e9sistance fran\u00e7aise ne doit pas s\u2019\u00e9teindre et ne s\u2019\u00e9teindra pas &lt;span&gt;Charles de Gaulle, appel du 18 juin 1940&lt;\/span&gt;","potentialAction":[{"@type":"SearchAction","target":{"@type":"EntryPoint","urlTemplate":"https:\/\/www.vercors-resistance.fr\/?s={search_term_string}"},"query-input":{"@type":"PropertyValueSpecification","valueRequired":true,"valueName":"search_term_string"}}],"inLanguage":"en-US"},{"@type":"Person","@id":"https:\/\/www.vercors-resistance.fr\/#\/schema\/person\/bad94cfc368de0a0d982d859d16704cc","name":"michelpernet","image":{"@type":"ImageObject","inLanguage":"en-US","@id":"https:\/\/www.vercors-resistance.fr\/#\/schema\/person\/image\/","url":"https:\/\/secure.gravatar.com\/avatar\/d3d03c6734601c1b589c79554c8185c5ccf1c1890b4ba9aaed05a28baedc4718?s=96&d=mm&r=g","contentUrl":"https:\/\/secure.gravatar.com\/avatar\/d3d03c6734601c1b589c79554c8185c5ccf1c1890b4ba9aaed05a28baedc4718?s=96&d=mm&r=g","caption":"michelpernet"},"url":"https:\/\/www.vercors-resistance.fr\/en\/author\/michelpernet\/"}]}},"_links":{"self":[{"href":"https:\/\/www.vercors-resistance.fr\/en\/wp-json\/wp\/v2\/posts\/9570","targetHints":{"allow":["GET"]}}],"collection":[{"href":"https:\/\/www.vercors-resistance.fr\/en\/wp-json\/wp\/v2\/posts"}],"about":[{"href":"https:\/\/www.vercors-resistance.fr\/en\/wp-json\/wp\/v2\/types\/post"}],"author":[{"embeddable":true,"href":"https:\/\/www.vercors-resistance.fr\/en\/wp-json\/wp\/v2\/users\/2"}],"replies":[{"embeddable":true,"href":"https:\/\/www.vercors-resistance.fr\/en\/wp-json\/wp\/v2\/comments?post=9570"}],"version-history":[{"count":3,"href":"https:\/\/www.vercors-resistance.fr\/en\/wp-json\/wp\/v2\/posts\/9570\/revisions"}],"predecessor-version":[{"id":9575,"href":"https:\/\/www.vercors-resistance.fr\/en\/wp-json\/wp\/v2\/posts\/9570\/revisions\/9575"}],"wp:featuredmedia":[{"embeddable":true,"href":"https:\/\/www.vercors-resistance.fr\/en\/wp-json\/wp\/v2\/media\/9552"}],"wp:attachment":[{"href":"https:\/\/www.vercors-resistance.fr\/en\/wp-json\/wp\/v2\/media?parent=9570"}],"wp:term":[{"taxonomy":"category","embeddable":true,"href":"https:\/\/www.vercors-resistance.fr\/en\/wp-json\/wp\/v2\/categories?post=9570"},{"taxonomy":"post_tag","embeddable":true,"href":"https:\/\/www.vercors-resistance.fr\/en\/wp-json\/wp\/v2\/tags?post=9570"}],"curies":[{"name":"wp","href":"https:\/\/api.w.org\/{rel}","templated":true}]}}